{"id":2209,"date":"2025-01-07T20:26:07","date_gmt":"2025-01-07T19:26:07","guid":{"rendered":"https:\/\/centroibon.es\/?p=2209"},"modified":"2025-01-07T20:37:08","modified_gmt":"2025-01-07T19:37:08","slug":"apoyo-escolar","status":"publish","type":"post","link":"https:\/\/centroibon.es\/index.php\/2025\/01\/07\/apoyo-escolar\/","title":{"rendered":"APOYO ESCOLAR"},"content":{"rendered":"\n<p>Desde el curso 2012\/2013 hasta la actualidad se est\u00e1 llevando a cabo un programa de refuerzo escolar con alumnado de los tres colegios de Sabi\u00f1\u00e1nigo en colaboraci\u00f3n con, Santa Ana, CEIP Montecorona y CEIP Puente Sardas.<\/p>\n","protected":false},"excerpt":{"rendered":"<p>Desde el curso 2012\/2013 hasta la actualidad se est\u00e1 llevando a cabo un programa de refuerzo escolar con alumnado de los tres colegios de Sabi\u00f1\u00e1nigo en colaboraci\u00f3n con, Santa Ana, CEIP Montecorona<a class=\"moretag\" href=\"https:\/\/centroibon.es\/index.php\/2025\/01\/07\/apoyo-escolar\/\">Leer m\u00e1s&#8230;<\/a><\/p>\n","protected":false},"author":1,"featured_media":0,"comment_status":"closed","ping_status":"closed","sticky":false,"template":"","format":"standard","meta":{"_monsterinsights_skip_tracking":false,"_monsterinsights_sitenote_active":false,"_monsterinsights_sitenote_note":"","_monsterinsights_sitenote_category":0,"footnotes":""},"categories":[3],"tags":[],"class_list":["post-2209","post","type-post","status-publish","format-standard","hentry","category-actividades"],"aioseo_notices":[],"_links":{"self":[{"href":"https:\/\/centroibon.es\/index.php\/wp-json\/wp\/v2\/posts\/2209","targetHints":{"allow":["GET"]}}],"collection":[{"href":"https:\/\/centroibon.es\/index.php\/wp-json\/wp\/v2\/posts"}],"about":[{"href":"https:\/\/centroibon.es\/index.php\/wp-json\/wp\/v2\/types\/post"}],"author":[{"embeddable":true,"href":"https:\/\/centroibon.es\/index.php\/wp-json\/wp\/v2\/users\/1"}],"replies":[{"embeddable":true,"href":"https:\/\/centroibon.es\/index.php\/wp-json\/wp\/v2\/comments?post=2209"}],"version-history":[{"count":1,"href":"https:\/\/centroibon.es\/index.php\/wp-json\/wp\/v2\/posts\/2209\/revisions"}],"predecessor-version":[{"id":2210,"href":"https:\/\/centroibon.es\/index.php\/wp-json\/wp\/v2\/posts\/2209\/revisions\/2210"}],"wp:attachment":[{"href":"https:\/\/centroibon.es\/index.php\/wp-json\/wp\/v2\/media?parent=2209"}],"wp:term":[{"taxonomy":"category","embeddable":true,"href":"https:\/\/centroibon.es\/index.php\/wp-json\/wp\/v2\/categories?post=2209"},{"taxonomy":"post_tag","embeddable":true,"href":"https:\/\/centroibon.es\/index.php\/wp-json\/wp\/v2\/tags?post=2209"}],"curies":[{"name":"wp","href":"https:\/\/api.w.org\/{rel}","templated":true}]}}