{"id":2241,"date":"2024-11-28T10:21:00","date_gmt":"2024-11-28T09:21:00","guid":{"rendered":"https:\/\/centroibon.es\/?p=2241"},"modified":"2025-01-07T09:53:09","modified_gmt":"2025-01-07T08:53:09","slug":"reunion-de-coordinacion-centro-de-salud-de-sabinanigo-28-11-2024","status":"publish","type":"post","link":"https:\/\/centroibon.es\/index.php\/2024\/11\/28\/reunion-de-coordinacion-centro-de-salud-de-sabinanigo-28-11-2024\/","title":{"rendered":"REUNI\u00d3N DE COORDINACI\u00d3N CENTRO DE SALUD DE SABI\u00d1\u00c1NIGO 28\/11\/2024"},"content":{"rendered":"\n<p>REUNI\u00d3N DE COORDINACI\u00d3N CENTRO DE SALUD DE SABI\u00d1\u00c1NIGO 28\/11\/2024<\/p>\n","protected":false},"excerpt":{"rendered":"<p>REUNI\u00d3N DE COORDINACI\u00d3N CENTRO DE SALUD DE SABI\u00d1\u00c1NIGO 28\/11\/2024<\/p>\n","protected":false},"author":1,"featured_media":0,"comment_status":"closed","ping_status":"closed","sticky":false,"template":"","format":"standard","meta":{"_monsterinsights_skip_tracking":false,"_monsterinsights_sitenote_active":false,"_monsterinsights_sitenote_note":"","_monsterinsights_sitenote_category":0,"footnotes":""},"categories":[2],"tags":[],"class_list":["post-2241","post","type-post","status-publish","format-standard","hentry","category-noticias"],"aioseo_notices":[],"_links":{"self":[{"href":"https:\/\/centroibon.es\/index.php\/wp-json\/wp\/v2\/posts\/2241","targetHints":{"allow":["GET"]}}],"collection":[{"href":"https:\/\/centroibon.es\/index.php\/wp-json\/wp\/v2\/posts"}],"about":[{"href":"https:\/\/centroibon.es\/index.php\/wp-json\/wp\/v2\/types\/post"}],"author":[{"embeddable":true,"href":"https:\/\/centroibon.es\/index.php\/wp-json\/wp\/v2\/users\/1"}],"replies":[{"embeddable":true,"href":"https:\/\/centroibon.es\/index.php\/wp-json\/wp\/v2\/comments?post=2241"}],"version-history":[{"count":2,"href":"https:\/\/centroibon.es\/index.php\/wp-json\/wp\/v2\/posts\/2241\/revisions"}],"predecessor-version":[{"id":2246,"href":"https:\/\/centroibon.es\/index.php\/wp-json\/wp\/v2\/posts\/2241\/revisions\/2246"}],"wp:attachment":[{"href":"https:\/\/centroibon.es\/index.php\/wp-json\/wp\/v2\/media?parent=2241"}],"wp:term":[{"taxonomy":"category","embeddable":true,"href":"https:\/\/centroibon.es\/index.php\/wp-json\/wp\/v2\/categories?post=2241"},{"taxonomy":"post_tag","embeddable":true,"href":"https:\/\/centroibon.es\/index.php\/wp-json\/wp\/v2\/tags?post=2241"}],"curies":[{"name":"wp","href":"https:\/\/api.w.org\/{rel}","templated":true}]}}