{"id":2253,"date":"2024-11-28T11:01:00","date_gmt":"2024-11-28T10:01:00","guid":{"rendered":"https:\/\/centroibon.es\/?p=2253"},"modified":"2025-01-07T11:12:56","modified_gmt":"2025-01-07T10:12:56","slug":"colaboracion-con-una-ponencia-en-la-jornada-sumando-voces-encuentro-entre-profesionales-de-la-atencion-de-las-mujeres-victimas-de-la-violencia-organizada-por-el-instituto-aragones","status":"publish","type":"post","link":"https:\/\/centroibon.es\/index.php\/2024\/11\/28\/colaboracion-con-una-ponencia-en-la-jornada-sumando-voces-encuentro-entre-profesionales-de-la-atencion-de-las-mujeres-victimas-de-la-violencia-organizada-por-el-instituto-aragones\/","title":{"rendered":"COLABORACI\u00d3N CON UNA PONENCIA EN LA JORNADA \u201cSUMANDO VOCES. ENCUENTRO ENTRE PROFESIONALES DE LA ATENCI\u00d3N DE LAS MUJERES V\u00cdCTIMAS DE LA VIOLENCIA\u201d. ORGANIZADA POR EL INSTITUTO ARAGON\u00c9S DE LA MUJER EN COLABORACI\u00d3N CON EL INSTITUTO ARAGON\u00c9S DE EMPLEO, CELEBRADA EL 27\/11\/2024. FORMACI\u00d3N TALLER 1: LA OTRA CARA DE LA VIOLENCIA: LA REALIDAD DE LA ATENCI\u00d3N PSICOL\u00d3GICA CON HOMBRES (20 PARTICIPANTES)"},"content":{"rendered":"\n<p>Colaboraci\u00f3n con una ponencia en la Jornada \u201cSumando Voces. Encuentro entre profesionales de la atenci\u00f3n de las mujeres v\u00edctimas de la violencia\u201d. Organizada por el Instituto Aragon\u00e9s de la Mujer en colaboraci\u00f3n con el Instituto Aragon\u00e9s de Empleo, celebrada el 27\/11\/2024. Formaci\u00f3n Taller 1: La otra cara de la violencia: la realidad de la atenci\u00f3n psicol\u00f3gica con hombres (20 participantes).<\/p>\n","protected":false},"excerpt":{"rendered":"<p>Colaboraci\u00f3n con una ponencia en la Jornada \u201cSumando Voces. Encuentro entre profesionales de la atenci\u00f3n de las mujeres v\u00edctimas de la violencia\u201d. Organizada por el Instituto Aragon\u00e9s de la Mujer en colaboraci\u00f3n<a class=\"moretag\" href=\"https:\/\/centroibon.es\/index.php\/2024\/11\/28\/colaboracion-con-una-ponencia-en-la-jornada-sumando-voces-encuentro-entre-profesionales-de-la-atencion-de-las-mujeres-victimas-de-la-violencia-organizada-por-el-instituto-aragones\/\">Leer m\u00e1s&#8230;<\/a><\/p>\n","protected":false},"author":1,"featured_media":0,"comment_status":"closed","ping_status":"closed","sticky":false,"template":"","format":"standard","meta":{"_monsterinsights_skip_tracking":false,"_monsterinsights_sitenote_active":false,"_monsterinsights_sitenote_note":"","_monsterinsights_sitenote_category":0,"footnotes":""},"categories":[2],"tags":[],"class_list":["post-2253","post","type-post","status-publish","format-standard","hentry","category-noticias"],"aioseo_notices":[],"_links":{"self":[{"href":"https:\/\/centroibon.es\/index.php\/wp-json\/wp\/v2\/posts\/2253","targetHints":{"allow":["GET"]}}],"collection":[{"href":"https:\/\/centroibon.es\/index.php\/wp-json\/wp\/v2\/posts"}],"about":[{"href":"https:\/\/centroibon.es\/index.php\/wp-json\/wp\/v2\/types\/post"}],"author":[{"embeddable":true,"href":"https:\/\/centroibon.es\/index.php\/wp-json\/wp\/v2\/users\/1"}],"replies":[{"embeddable":true,"href":"https:\/\/centroibon.es\/index.php\/wp-json\/wp\/v2\/comments?post=2253"}],"version-history":[{"count":2,"href":"https:\/\/centroibon.es\/index.php\/wp-json\/wp\/v2\/posts\/2253\/revisions"}],"predecessor-version":[{"id":2268,"href":"https:\/\/centroibon.es\/index.php\/wp-json\/wp\/v2\/posts\/2253\/revisions\/2268"}],"wp:attachment":[{"href":"https:\/\/centroibon.es\/index.php\/wp-json\/wp\/v2\/media?parent=2253"}],"wp:term":[{"taxonomy":"category","embeddable":true,"href":"https:\/\/centroibon.es\/index.php\/wp-json\/wp\/v2\/categories?post=2253"},{"taxonomy":"post_tag","embeddable":true,"href":"https:\/\/centroibon.es\/index.php\/wp-json\/wp\/v2\/tags?post=2253"}],"curies":[{"name":"wp","href":"https:\/\/api.w.org\/{rel}","templated":true}]}}