{"id":2255,"date":"2024-12-11T11:02:00","date_gmt":"2024-12-11T10:02:00","guid":{"rendered":"https:\/\/centroibon.es\/?p=2255"},"modified":"2025-01-07T11:03:36","modified_gmt":"2025-01-07T10:03:36","slug":"por-invitacion-de-musa-para-una-charla-debate-sobre-adiccion-al-tabaco-el-dia-11-de-diciembre-en-sabinanigo-participacion-del-ayuntamiento-de-sabinanigo-centro-de-salud-de-sabinanigo-y-asociacion-ib","status":"publish","type":"post","link":"https:\/\/centroibon.es\/index.php\/2024\/12\/11\/por-invitacion-de-musa-para-una-charla-debate-sobre-adiccion-al-tabaco-el-dia-11-de-diciembre-en-sabinanigo-participacion-del-ayuntamiento-de-sabinanigo-centro-de-salud-de-sabinanigo-y-asociacion-ib\/","title":{"rendered":"POR INVITACI\u00d3N DE MUSA PARA UNA CHARLA DEBATE SOBRE ADICCI\u00d3N AL TABACO EL D\u00cdA 11 DE DICIEMBRE EN SABI\u00d1\u00c1NIGO, PARTICIPACI\u00d3N DEL AYUNTAMIENTO DE SABI\u00d1\u00c1NIGO, CENTRO DE SALUD DE SABI\u00d1\u00c1NIGO Y ASOCIACI\u00d3N IB\u00d3N DE ADICCIONES"},"content":{"rendered":"\n<p>POR INVITACI\u00d3N DE MUSA PARA UNA CHARLA DEBATE SOBRE ADICCI\u00d3N AL TABACO EL D\u00cdA 11 DE DICIEMBRE EN SABI\u00d1\u00c1NIGO, PARTICIPACI\u00d3N DEL AYUNTAMIENTO DE SABI\u00d1\u00c1NIGO, CENTRO DE SALUD DE SABI\u00d1\u00c1NIGO Y ASOCIACI\u00d3N IB\u00d3N DE ADICCIONES<\/p>\n","protected":false},"excerpt":{"rendered":"<p>POR INVITACI\u00d3N DE MUSA PARA UNA CHARLA DEBATE SOBRE ADICCI\u00d3N AL TABACO EL D\u00cdA 11 DE DICIEMBRE EN SABI\u00d1\u00c1NIGO, PARTICIPACI\u00d3N DEL AYUNTAMIENTO DE SABI\u00d1\u00c1NIGO, CENTRO DE SALUD DE SABI\u00d1\u00c1NIGO Y ASOCIACI\u00d3N IB\u00d3N<a class=\"moretag\" href=\"https:\/\/centroibon.es\/index.php\/2024\/12\/11\/por-invitacion-de-musa-para-una-charla-debate-sobre-adiccion-al-tabaco-el-dia-11-de-diciembre-en-sabinanigo-participacion-del-ayuntamiento-de-sabinanigo-centro-de-salud-de-sabinanigo-y-asociacion-ib\/\">Leer m\u00e1s&#8230;<\/a><\/p>\n","protected":false},"author":1,"featured_media":0,"comment_status":"closed","ping_status":"closed","sticky":false,"template":"","format":"standard","meta":{"_monsterinsights_skip_tracking":false,"_monsterinsights_sitenote_active":false,"_monsterinsights_sitenote_note":"","_monsterinsights_sitenote_category":0,"footnotes":""},"categories":[2],"tags":[],"class_list":["post-2255","post","type-post","status-publish","format-standard","hentry","category-noticias"],"aioseo_notices":[],"_links":{"self":[{"href":"https:\/\/centroibon.es\/index.php\/wp-json\/wp\/v2\/posts\/2255","targetHints":{"allow":["GET"]}}],"collection":[{"href":"https:\/\/centroibon.es\/index.php\/wp-json\/wp\/v2\/posts"}],"about":[{"href":"https:\/\/centroibon.es\/index.php\/wp-json\/wp\/v2\/types\/post"}],"author":[{"embeddable":true,"href":"https:\/\/centroibon.es\/index.php\/wp-json\/wp\/v2\/users\/1"}],"replies":[{"embeddable":true,"href":"https:\/\/centroibon.es\/index.php\/wp-json\/wp\/v2\/comments?post=2255"}],"version-history":[{"count":1,"href":"https:\/\/centroibon.es\/index.php\/wp-json\/wp\/v2\/posts\/2255\/revisions"}],"predecessor-version":[{"id":2256,"href":"https:\/\/centroibon.es\/index.php\/wp-json\/wp\/v2\/posts\/2255\/revisions\/2256"}],"wp:attachment":[{"href":"https:\/\/centroibon.es\/index.php\/wp-json\/wp\/v2\/media?parent=2255"}],"wp:term":[{"taxonomy":"category","embeddable":true,"href":"https:\/\/centroibon.es\/index.php\/wp-json\/wp\/v2\/categories?post=2255"},{"taxonomy":"post_tag","embeddable":true,"href":"https:\/\/centroibon.es\/index.php\/wp-json\/wp\/v2\/tags?post=2255"}],"curies":[{"name":"wp","href":"https:\/\/api.w.org\/{rel}","templated":true}]}}