{"id":2358,"date":"2025-06-01T11:52:00","date_gmt":"2025-06-01T09:52:00","guid":{"rendered":"https:\/\/centroibon.es\/?p=2358"},"modified":"2025-10-11T12:02:36","modified_gmt":"2025-10-11T10:02:36","slug":"ibon-feria-salud-sabinanigo-2025","status":"publish","type":"post","link":"https:\/\/centroibon.es\/index.php\/2025\/06\/01\/ibon-feria-salud-sabinanigo-2025\/","title":{"rendered":"IB\u00d3N ha participado en la FERIA DE SALUD EN SABI\u00d1\u00c1NIGO los d\u00edas 31 de mayo y 1 de junio de 2025 con un Stand y dos actividades de 1) Escape Room sobre adicciones 2) Programa para dejar de fumar"},"content":{"rendered":"\n<p><strong>Sabi\u00f1\u00e1nigo, 31 de mayo y 1 de junio de 2025.<\/strong><br>La <strong>Asociaci\u00f3n IB\u00d3N para la Atenci\u00f3n y Prevenci\u00f3n de Adicciones<\/strong> particip\u00f3 activamente en la <strong>Feria de Salud de Sabi\u00f1\u00e1nigo<\/strong>, celebrada los d\u00edas <strong>31 de mayo y 1 de junio de 2025<\/strong>, con un <strong>stand informativo<\/strong> y dos actividades dirigidas a la sensibilizaci\u00f3n y la promoci\u00f3n de h\u00e1bitos saludables:<\/p>\n\n\n\n<ol class=\"wp-block-list\">\n<li>Un <strong>Escape Room sobre adicciones<\/strong>, orientado a la prevenci\u00f3n y la reflexi\u00f3n en clave l\u00fadica.<\/li>\n\n\n\n<li>Un <strong>Programa para dejar de fumar<\/strong>, con pautas pr\u00e1cticas y recursos de apoyo.<\/li>\n<\/ol>\n\n\n\n<p>La Feria de Salud de Sabi\u00f1\u00e1nigo se consolida como un espacio de encuentro entre profesionales, entidades sociales y ciudadan\u00eda, con el prop\u00f3sito de fomentar la educaci\u00f3n para la salud y la prevenci\u00f3n de conductas de riesgo.<\/p>\n","protected":false},"excerpt":{"rendered":"<p>Sabi\u00f1\u00e1nigo, 31 de mayo y 1 de junio de 2025.La Asociaci\u00f3n IB\u00d3N para la Atenci\u00f3n y Prevenci\u00f3n de Adicciones particip\u00f3 activamente en la Feria de Salud de Sabi\u00f1\u00e1nigo, celebrada los d\u00edas 31<a class=\"moretag\" href=\"https:\/\/centroibon.es\/index.php\/2025\/06\/01\/ibon-feria-salud-sabinanigo-2025\/\">Leer m\u00e1s&#8230;<\/a><\/p>\n","protected":false},"author":1,"featured_media":0,"comment_status":"closed","ping_status":"closed","sticky":false,"template":"","format":"standard","meta":{"_monsterinsights_skip_tracking":false,"_monsterinsights_sitenote_active":false,"_monsterinsights_sitenote_note":"","_monsterinsights_sitenote_category":0,"footnotes":""},"categories":[2],"tags":[],"class_list":["post-2358","post","type-post","status-publish","format-standard","hentry","category-noticias"],"aioseo_notices":[],"_links":{"self":[{"href":"https:\/\/centroibon.es\/index.php\/wp-json\/wp\/v2\/posts\/2358","targetHints":{"allow":["GET"]}}],"collection":[{"href":"https:\/\/centroibon.es\/index.php\/wp-json\/wp\/v2\/posts"}],"about":[{"href":"https:\/\/centroibon.es\/index.php\/wp-json\/wp\/v2\/types\/post"}],"author":[{"embeddable":true,"href":"https:\/\/centroibon.es\/index.php\/wp-json\/wp\/v2\/users\/1"}],"replies":[{"embeddable":true,"href":"https:\/\/centroibon.es\/index.php\/wp-json\/wp\/v2\/comments?post=2358"}],"version-history":[{"count":3,"href":"https:\/\/centroibon.es\/index.php\/wp-json\/wp\/v2\/posts\/2358\/revisions"}],"predecessor-version":[{"id":2371,"href":"https:\/\/centroibon.es\/index.php\/wp-json\/wp\/v2\/posts\/2358\/revisions\/2371"}],"wp:attachment":[{"href":"https:\/\/centroibon.es\/index.php\/wp-json\/wp\/v2\/media?parent=2358"}],"wp:term":[{"taxonomy":"category","embeddable":true,"href":"https:\/\/centroibon.es\/index.php\/wp-json\/wp\/v2\/categories?post=2358"},{"taxonomy":"post_tag","embeddable":true,"href":"https:\/\/centroibon.es\/index.php\/wp-json\/wp\/v2\/tags?post=2358"}],"curies":[{"name":"wp","href":"https:\/\/api.w.org\/{rel}","templated":true}]}}