{"id":2416,"date":"2025-03-31T12:51:00","date_gmt":"2025-03-31T10:51:00","guid":{"rendered":"https:\/\/centroibon.es\/?p=2416"},"modified":"2025-10-11T12:52:38","modified_gmt":"2025-10-11T10:52:38","slug":"visita-directora-general-inclusion-voluntariado-proyecto-codi-ibon-2025","status":"publish","type":"post","link":"https:\/\/centroibon.es\/index.php\/2025\/03\/31\/visita-directora-general-inclusion-voluntariado-proyecto-codi-ibon-2025\/","title":{"rendered":"Visita de la Directora General de Inclusi\u00f3n y Voluntariado del Gobierno de Arag\u00f3n al Centro IB\u00d3N"},"content":{"rendered":"\n<p><strong>Sabi\u00f1\u00e1nigo, 13 de mayo de 2025.<\/strong><br>La <strong>Directora General de Inclusi\u00f3n y Voluntariado del Departamento de Bienestar Social y Familia del Gobierno de Arag\u00f3n<\/strong>, <strong>D\u00f1a. Mar\u00eda Charte Pons<\/strong>, visit\u00f3 la <strong>Asociaci\u00f3n IB\u00d3N<\/strong> con motivo del <strong>Proyecto CODI<\/strong>, desarrollado durante este curso con <strong>alumnado de los colegios e institutos de Sabi\u00f1\u00e1nigo y de la Comarca del Alto G\u00e1llego<\/strong>.<\/p>\n","protected":false},"excerpt":{"rendered":"<p>Sabi\u00f1\u00e1nigo, 13 de mayo de 2025.La Directora General de Inclusi\u00f3n y Voluntariado del Departamento de Bienestar Social y Familia del Gobierno de Arag\u00f3n, D\u00f1a. Mar\u00eda Charte Pons, visit\u00f3 la Asociaci\u00f3n IB\u00d3N con<a class=\"moretag\" href=\"https:\/\/centroibon.es\/index.php\/2025\/03\/31\/visita-directora-general-inclusion-voluntariado-proyecto-codi-ibon-2025\/\">Leer m\u00e1s&#8230;<\/a><\/p>\n","protected":false},"author":1,"featured_media":0,"comment_status":"closed","ping_status":"closed","sticky":false,"template":"","format":"standard","meta":{"_monsterinsights_skip_tracking":false,"_monsterinsights_sitenote_active":false,"_monsterinsights_sitenote_note":"","_monsterinsights_sitenote_category":0,"footnotes":""},"categories":[2],"tags":[],"class_list":["post-2416","post","type-post","status-publish","format-standard","hentry","category-noticias"],"aioseo_notices":[],"_links":{"self":[{"href":"https:\/\/centroibon.es\/index.php\/wp-json\/wp\/v2\/posts\/2416","targetHints":{"allow":["GET"]}}],"collection":[{"href":"https:\/\/centroibon.es\/index.php\/wp-json\/wp\/v2\/posts"}],"about":[{"href":"https:\/\/centroibon.es\/index.php\/wp-json\/wp\/v2\/types\/post"}],"author":[{"embeddable":true,"href":"https:\/\/centroibon.es\/index.php\/wp-json\/wp\/v2\/users\/1"}],"replies":[{"embeddable":true,"href":"https:\/\/centroibon.es\/index.php\/wp-json\/wp\/v2\/comments?post=2416"}],"version-history":[{"count":1,"href":"https:\/\/centroibon.es\/index.php\/wp-json\/wp\/v2\/posts\/2416\/revisions"}],"predecessor-version":[{"id":2417,"href":"https:\/\/centroibon.es\/index.php\/wp-json\/wp\/v2\/posts\/2416\/revisions\/2417"}],"wp:attachment":[{"href":"https:\/\/centroibon.es\/index.php\/wp-json\/wp\/v2\/media?parent=2416"}],"wp:term":[{"taxonomy":"category","embeddable":true,"href":"https:\/\/centroibon.es\/index.php\/wp-json\/wp\/v2\/categories?post=2416"},{"taxonomy":"post_tag","embeddable":true,"href":"https:\/\/centroibon.es\/index.php\/wp-json\/wp\/v2\/tags?post=2416"}],"curies":[{"name":"wp","href":"https:\/\/api.w.org\/{rel}","templated":true}]}}