{"id":292,"date":"2015-10-14T09:58:17","date_gmt":"2015-10-14T09:58:17","guid":{"rendered":"http:\/\/centroibon.es\/?p=292"},"modified":"2015-10-14T09:58:47","modified_gmt":"2015-10-14T09:58:47","slug":"campanas-de-sensibilizacion","status":"publish","type":"post","link":"https:\/\/centroibon.es\/index.php\/2015\/10\/14\/campanas-de-sensibilizacion\/","title":{"rendered":"CAMPA\u00d1AS DE SENSIBILIZACI\u00d3N"},"content":{"rendered":"<ul>\n<li><b><b><strong>CAMPA\u00d1AS DE SENSIBILIZACI\u00d3N <\/strong><\/b><\/b>\n<ul>\n<li><strong>Celebraci\u00f3n d\u00eda 31 de mayo \u201cDIA MUNDIAL SIN TABACO\u201d.<\/strong><\/li>\n<\/ul>\n<\/li>\n<\/ul>\n<p>&nbsp;<\/p>\n<p>Participaci\u00f3n en la XI Carrera sin Humo celebrada en Zaragoza durante los d\u00edas 30 y 31 de mayo.<\/p>\n","protected":false},"excerpt":{"rendered":"<p>CAMPA\u00d1AS DE SENSIBILIZACI\u00d3N Celebraci\u00f3n d\u00eda 31 de mayo \u201cDIA MUNDIAL SIN TABACO\u201d. &nbsp; Participaci\u00f3n en la XI Carrera sin Humo celebrada en Zaragoza durante los d\u00edas 30 y 31 de mayo.<\/p>\n","protected":false},"author":1,"featured_media":0,"comment_status":"closed","ping_status":"open","sticky":false,"template":"","format":"standard","meta":{"_monsterinsights_skip_tracking":false,"_monsterinsights_sitenote_active":false,"_monsterinsights_sitenote_note":"","_monsterinsights_sitenote_category":0,"footnotes":""},"categories":[3],"tags":[],"class_list":["post-292","post","type-post","status-publish","format-standard","hentry","category-actividades"],"aioseo_notices":[],"_links":{"self":[{"href":"https:\/\/centroibon.es\/index.php\/wp-json\/wp\/v2\/posts\/292","targetHints":{"allow":["GET"]}}],"collection":[{"href":"https:\/\/centroibon.es\/index.php\/wp-json\/wp\/v2\/posts"}],"about":[{"href":"https:\/\/centroibon.es\/index.php\/wp-json\/wp\/v2\/types\/post"}],"author":[{"embeddable":true,"href":"https:\/\/centroibon.es\/index.php\/wp-json\/wp\/v2\/users\/1"}],"replies":[{"embeddable":true,"href":"https:\/\/centroibon.es\/index.php\/wp-json\/wp\/v2\/comments?post=292"}],"version-history":[{"count":1,"href":"https:\/\/centroibon.es\/index.php\/wp-json\/wp\/v2\/posts\/292\/revisions"}],"predecessor-version":[{"id":293,"href":"https:\/\/centroibon.es\/index.php\/wp-json\/wp\/v2\/posts\/292\/revisions\/293"}],"wp:attachment":[{"href":"https:\/\/centroibon.es\/index.php\/wp-json\/wp\/v2\/media?parent=292"}],"wp:term":[{"taxonomy":"category","embeddable":true,"href":"https:\/\/centroibon.es\/index.php\/wp-json\/wp\/v2\/categories?post=292"},{"taxonomy":"post_tag","embeddable":true,"href":"https:\/\/centroibon.es\/index.php\/wp-json\/wp\/v2\/tags?post=292"}],"curies":[{"name":"wp","href":"https:\/\/api.w.org\/{rel}","templated":true}]}}