{"id":312,"date":"2015-10-14T10:24:26","date_gmt":"2015-10-14T10:24:26","guid":{"rendered":"http:\/\/centroibon.es\/?p=312"},"modified":"2015-10-14T10:24:26","modified_gmt":"2015-10-14T10:24:26","slug":"participacion-en-la-ii-conferencia-internacional-de-sociologia-de-las-politicas-publicas-y-sociales","status":"publish","type":"post","link":"https:\/\/centroibon.es\/index.php\/2015\/10\/14\/participacion-en-la-ii-conferencia-internacional-de-sociologia-de-las-politicas-publicas-y-sociales\/","title":{"rendered":"PARTICIPACI\u00d3N EN LA II CONFERENCIA INTERNACIONAL DE SOCIOLOG\u00cdA DE LAS POL\u00cdTICAS P\u00daBLICAS Y SOCIALES"},"content":{"rendered":"<ul>\n<li><b><strong>25 y 26 de mayo de 2015 en Zaragoza<\/strong><\/b><\/li>\n<\/ul>\n<p>&nbsp;<\/p>\n<p>PARTICIPACI\u00d3N EN LA<strong> II CONFERENCIA INTERNACIONAL DE SOCIOLOG\u00cdA DE LAS POL\u00cdTICAS P\u00daBLICAS Y SOCIALES<\/strong><\/p>\n<p><strong>PRESENTACI\u00d3N DE COMUNICACI\u00d3N <\/strong><\/p>\n","protected":false},"excerpt":{"rendered":"<p>25 y 26 de mayo de 2015 en Zaragoza &nbsp; PARTICIPACI\u00d3N EN LA II CONFERENCIA INTERNACIONAL DE SOCIOLOG\u00cdA DE LAS POL\u00cdTICAS P\u00daBLICAS Y SOCIALES PRESENTACI\u00d3N DE COMUNICACI\u00d3N<\/p>\n","protected":false},"author":1,"featured_media":0,"comment_status":"closed","ping_status":"open","sticky":false,"template":"","format":"standard","meta":{"_monsterinsights_skip_tracking":false,"_monsterinsights_sitenote_active":false,"_monsterinsights_sitenote_note":"","_monsterinsights_sitenote_category":0,"footnotes":""},"categories":[3],"tags":[],"class_list":["post-312","post","type-post","status-publish","format-standard","hentry","category-actividades"],"aioseo_notices":[],"_links":{"self":[{"href":"https:\/\/centroibon.es\/index.php\/wp-json\/wp\/v2\/posts\/312","targetHints":{"allow":["GET"]}}],"collection":[{"href":"https:\/\/centroibon.es\/index.php\/wp-json\/wp\/v2\/posts"}],"about":[{"href":"https:\/\/centroibon.es\/index.php\/wp-json\/wp\/v2\/types\/post"}],"author":[{"embeddable":true,"href":"https:\/\/centroibon.es\/index.php\/wp-json\/wp\/v2\/users\/1"}],"replies":[{"embeddable":true,"href":"https:\/\/centroibon.es\/index.php\/wp-json\/wp\/v2\/comments?post=312"}],"version-history":[{"count":1,"href":"https:\/\/centroibon.es\/index.php\/wp-json\/wp\/v2\/posts\/312\/revisions"}],"predecessor-version":[{"id":313,"href":"https:\/\/centroibon.es\/index.php\/wp-json\/wp\/v2\/posts\/312\/revisions\/313"}],"wp:attachment":[{"href":"https:\/\/centroibon.es\/index.php\/wp-json\/wp\/v2\/media?parent=312"}],"wp:term":[{"taxonomy":"category","embeddable":true,"href":"https:\/\/centroibon.es\/index.php\/wp-json\/wp\/v2\/categories?post=312"},{"taxonomy":"post_tag","embeddable":true,"href":"https:\/\/centroibon.es\/index.php\/wp-json\/wp\/v2\/tags?post=312"}],"curies":[{"name":"wp","href":"https:\/\/api.w.org\/{rel}","templated":true}]}}