{"id":318,"date":"2015-10-14T10:27:38","date_gmt":"2015-10-14T10:27:38","guid":{"rendered":"http:\/\/centroibon.es\/?p=318"},"modified":"2015-10-20T11:01:02","modified_gmt":"2015-10-20T11:01:02","slug":"presentado-en-almeria-en-el-i-congreso-internacional-de-necesidades-especificas-de-apoyo-educativo-neae","status":"publish","type":"post","link":"https:\/\/centroibon.es\/index.php\/2015\/10\/14\/presentado-en-almeria-en-el-i-congreso-internacional-de-necesidades-especificas-de-apoyo-educativo-neae\/","title":{"rendered":"Presentado en Almer\u00eda en el I CONGRESO INTERNACIONAL DE NECESIDADES ESPEC\u00cdFICAS DE APOYO EDUCATIVO. NEAE."},"content":{"rendered":"<ul>\n<li><b><strong>INVESTIGACI\u00d3N<\/strong><\/b><\/li>\n<li><b><b><strong>Proyecto de investigaci\u00f3n e innovaci\u00f3n educativa: \u201cActividad de repaso y deberes tutelada por alumnos-as de la facultad de Ciencias Humanas y de la Educaci\u00f3n de Huesca. Grado de Maestro. Especialidad primaria e infantil. Universidad de Zaragoza. <\/strong><\/b><\/b>\n<ul>\n<li>Presentado en Almer\u00eda en el I CONGRESO INTERNACIONAL DE NECESIDADES ESPEC\u00cdFICAS DE APOYO EDUCATIVO. NEAE. Frente a una educaci\u00f3n segregada. Celebrado en Almer\u00eda, 26, 27 y 28 de noviembre de 2014. Universidad de Almer\u00eda.<\/li>\n<li>Publicaci\u00f3n de proceso y resultados de la investigaci\u00f3n en el Libro de actas del congreso.\n<ul>\n<li>ISBN: 978-84-697-1846-9<\/li>\n<\/ul>\n<\/li>\n<\/ul>\n<\/li>\n<\/ul>\n","protected":false},"excerpt":{"rendered":"<p>INVESTIGACI\u00d3N Proyecto de investigaci\u00f3n e innovaci\u00f3n educativa: \u201cActividad de repaso y deberes tutelada por alumnos-as de la facultad de Ciencias Humanas y de la Educaci\u00f3n de Huesca. Grado de Maestro. Especialidad primaria<a class=\"moretag\" href=\"https:\/\/centroibon.es\/index.php\/2015\/10\/14\/presentado-en-almeria-en-el-i-congreso-internacional-de-necesidades-especificas-de-apoyo-educativo-neae\/\">Leer m\u00e1s&#8230;<\/a><\/p>\n","protected":false},"author":1,"featured_media":0,"comment_status":"closed","ping_status":"open","sticky":false,"template":"","format":"standard","meta":{"_monsterinsights_skip_tracking":false,"_monsterinsights_sitenote_active":false,"_monsterinsights_sitenote_note":"","_monsterinsights_sitenote_category":0,"footnotes":""},"categories":[3],"tags":[],"class_list":["post-318","post","type-post","status-publish","format-standard","hentry","category-actividades"],"aioseo_notices":[],"_links":{"self":[{"href":"https:\/\/centroibon.es\/index.php\/wp-json\/wp\/v2\/posts\/318","targetHints":{"allow":["GET"]}}],"collection":[{"href":"https:\/\/centroibon.es\/index.php\/wp-json\/wp\/v2\/posts"}],"about":[{"href":"https:\/\/centroibon.es\/index.php\/wp-json\/wp\/v2\/types\/post"}],"author":[{"embeddable":true,"href":"https:\/\/centroibon.es\/index.php\/wp-json\/wp\/v2\/users\/1"}],"replies":[{"embeddable":true,"href":"https:\/\/centroibon.es\/index.php\/wp-json\/wp\/v2\/comments?post=318"}],"version-history":[{"count":2,"href":"https:\/\/centroibon.es\/index.php\/wp-json\/wp\/v2\/posts\/318\/revisions"}],"predecessor-version":[{"id":429,"href":"https:\/\/centroibon.es\/index.php\/wp-json\/wp\/v2\/posts\/318\/revisions\/429"}],"wp:attachment":[{"href":"https:\/\/centroibon.es\/index.php\/wp-json\/wp\/v2\/media?parent=318"}],"wp:term":[{"taxonomy":"category","embeddable":true,"href":"https:\/\/centroibon.es\/index.php\/wp-json\/wp\/v2\/categories?post=318"},{"taxonomy":"post_tag","embeddable":true,"href":"https:\/\/centroibon.es\/index.php\/wp-json\/wp\/v2\/tags?post=318"}],"curies":[{"name":"wp","href":"https:\/\/api.w.org\/{rel}","templated":true}]}}