{"id":328,"date":"2015-10-14T10:34:47","date_gmt":"2015-10-14T10:34:47","guid":{"rendered":"http:\/\/centroibon.es\/?p=328"},"modified":"2016-05-23T11:18:22","modified_gmt":"2016-05-23T11:18:22","slug":"grupo-prosocial-lugar-ibon","status":"publish","type":"post","link":"https:\/\/centroibon.es\/index.php\/2015\/10\/14\/grupo-prosocial-lugar-ibon\/","title":{"rendered":"GRUPO PROSOCIAL EN HUESCA"},"content":{"rendered":"<ul>\n<li><b><b><strong>GRUPO PROSOCIAL EN HUESCA<\/strong><\/b><\/b><br \/>\n&nbsp;<br \/>\nEste programa se lleva a cabo con una perioricidad semanal y duraci\u00f3n de dos horas. A lo largo de 9 meses.<\/p>\n<ul>\n<li>En la Asociaci\u00f3n IB\u00d3N: c\/ Arag\u00f3n, 16 bajo de Sabi\u00f1\u00e1nigo.\n<\/ul>\n<p><a href=\"http:\/\/centroibon.es\/index.php\/insercion-social\/\">Para ampliar informaci\u00f3n sobre el programa ver en el apartado de programas \u00abInserci\u00f3n social\u00bb.<\/a><br \/>\n27 SESIONES<\/p>\n","protected":false},"excerpt":{"rendered":"<p>GRUPO PROSOCIAL EN HUESCA &nbsp; Este programa se lleva a cabo con una perioricidad semanal y duraci\u00f3n de dos horas. A lo largo de 9 meses. En la Asociaci\u00f3n IB\u00d3N: c\/ Arag\u00f3n,<a class=\"moretag\" href=\"https:\/\/centroibon.es\/index.php\/2015\/10\/14\/grupo-prosocial-lugar-ibon\/\">Leer m\u00e1s&#8230;<\/a><\/p>\n","protected":false},"author":1,"featured_media":0,"comment_status":"closed","ping_status":"open","sticky":false,"template":"","format":"standard","meta":{"_monsterinsights_skip_tracking":false,"_monsterinsights_sitenote_active":false,"_monsterinsights_sitenote_note":"","_monsterinsights_sitenote_category":0,"footnotes":""},"categories":[3],"tags":[],"class_list":["post-328","post","type-post","status-publish","format-standard","hentry","category-actividades"],"aioseo_notices":[],"_links":{"self":[{"href":"https:\/\/centroibon.es\/index.php\/wp-json\/wp\/v2\/posts\/328","targetHints":{"allow":["GET"]}}],"collection":[{"href":"https:\/\/centroibon.es\/index.php\/wp-json\/wp\/v2\/posts"}],"about":[{"href":"https:\/\/centroibon.es\/index.php\/wp-json\/wp\/v2\/types\/post"}],"author":[{"embeddable":true,"href":"https:\/\/centroibon.es\/index.php\/wp-json\/wp\/v2\/users\/1"}],"replies":[{"embeddable":true,"href":"https:\/\/centroibon.es\/index.php\/wp-json\/wp\/v2\/comments?post=328"}],"version-history":[{"count":4,"href":"https:\/\/centroibon.es\/index.php\/wp-json\/wp\/v2\/posts\/328\/revisions"}],"predecessor-version":[{"id":483,"href":"https:\/\/centroibon.es\/index.php\/wp-json\/wp\/v2\/posts\/328\/revisions\/483"}],"wp:attachment":[{"href":"https:\/\/centroibon.es\/index.php\/wp-json\/wp\/v2\/media?parent=328"}],"wp:term":[{"taxonomy":"category","embeddable":true,"href":"https:\/\/centroibon.es\/index.php\/wp-json\/wp\/v2\/categories?post=328"},{"taxonomy":"post_tag","embeddable":true,"href":"https:\/\/centroibon.es\/index.php\/wp-json\/wp\/v2\/tags?post=328"}],"curies":[{"name":"wp","href":"https:\/\/api.w.org\/{rel}","templated":true}]}}