{"id":334,"date":"2015-10-14T10:38:06","date_gmt":"2015-10-14T10:38:06","guid":{"rendered":"http:\/\/centroibon.es\/?p=334"},"modified":"2017-01-26T13:23:45","modified_gmt":"2017-01-26T13:23:45","slug":"programa-violencia-de-genero","status":"publish","type":"post","link":"https:\/\/centroibon.es\/index.php\/2015\/10\/14\/programa-violencia-de-genero\/","title":{"rendered":"PROGRAMA VIOLENCIA DE G\u00c9NERO 2015\/2016"},"content":{"rendered":"<p><strong>PROGRAMA VIOLENCIA DE G\u00c9NERO<\/strong><br \/>\nEste programa se lleva a cabo con una perioricidad semanal y duraci\u00f3n de dos horas. A lo largo de 9 meses.<\/p>\n<ul>\n<li>En la Asociaci\u00f3n IB\u00d3N: c\/ Arag\u00f3n, 16 bajo de Sabi\u00f1\u00e1nigo.\n<\/ul>\n<p><a href=\"http:\/\/centroibon.es\/index.php\/insercion-social\/\">Para ampliar informaci\u00f3n sobre el programa ver en el apartado de programas \u00abInserci\u00f3n social\u00bb.<\/a><br \/>\n27 SESIONES<\/p>\n","protected":false},"excerpt":{"rendered":"<p>PROGRAMA VIOLENCIA DE G\u00c9NERO Este programa se lleva a cabo con una perioricidad semanal y duraci\u00f3n de dos horas. A lo largo de 9 meses. En la Asociaci\u00f3n IB\u00d3N: c\/ Arag\u00f3n, 16<a class=\"moretag\" href=\"https:\/\/centroibon.es\/index.php\/2015\/10\/14\/programa-violencia-de-genero\/\">Leer m\u00e1s&#8230;<\/a><\/p>\n","protected":false},"author":1,"featured_media":0,"comment_status":"closed","ping_status":"open","sticky":false,"template":"","format":"standard","meta":{"_monsterinsights_skip_tracking":false,"_monsterinsights_sitenote_active":false,"_monsterinsights_sitenote_note":"","_monsterinsights_sitenote_category":0,"footnotes":""},"categories":[3],"tags":[],"class_list":["post-334","post","type-post","status-publish","format-standard","hentry","category-actividades"],"aioseo_notices":[],"_links":{"self":[{"href":"https:\/\/centroibon.es\/index.php\/wp-json\/wp\/v2\/posts\/334","targetHints":{"allow":["GET"]}}],"collection":[{"href":"https:\/\/centroibon.es\/index.php\/wp-json\/wp\/v2\/posts"}],"about":[{"href":"https:\/\/centroibon.es\/index.php\/wp-json\/wp\/v2\/types\/post"}],"author":[{"embeddable":true,"href":"https:\/\/centroibon.es\/index.php\/wp-json\/wp\/v2\/users\/1"}],"replies":[{"embeddable":true,"href":"https:\/\/centroibon.es\/index.php\/wp-json\/wp\/v2\/comments?post=334"}],"version-history":[{"count":4,"href":"https:\/\/centroibon.es\/index.php\/wp-json\/wp\/v2\/posts\/334\/revisions"}],"predecessor-version":[{"id":718,"href":"https:\/\/centroibon.es\/index.php\/wp-json\/wp\/v2\/posts\/334\/revisions\/718"}],"wp:attachment":[{"href":"https:\/\/centroibon.es\/index.php\/wp-json\/wp\/v2\/media?parent=334"}],"wp:term":[{"taxonomy":"category","embeddable":true,"href":"https:\/\/centroibon.es\/index.php\/wp-json\/wp\/v2\/categories?post=334"},{"taxonomy":"post_tag","embeddable":true,"href":"https:\/\/centroibon.es\/index.php\/wp-json\/wp\/v2\/tags?post=334"}],"curies":[{"name":"wp","href":"https:\/\/api.w.org\/{rel}","templated":true}]}}