{"id":865,"date":"2018-03-08T11:40:22","date_gmt":"2018-03-08T11:40:22","guid":{"rendered":"http:\/\/centroibon.es\/?p=865"},"modified":"2025-01-03T08:38:16","modified_gmt":"2025-01-03T08:38:16","slug":"planificacion-de-los-programas-durante-2015201620172018","status":"publish","type":"post","link":"https:\/\/centroibon.es\/index.php\/2018\/03\/08\/planificacion-de-los-programas-durante-2015201620172018\/","title":{"rendered":"PLANIFICACI\u00d3N DE LOS PROGRAMAS DURANTE 2015, 2016, 2017, 2018"},"content":{"rendered":"<p>PLANIFICACI\u00d3N DE LOS PROGRAMAS DURANTE 2015, 2016, 2017, 2018.<\/p>\n<p>En Centro Ibon, seguimos trabajando en nuestros programas de <strong>atenci\u00f3n y prevenci\u00f3n social<\/strong>. En los \u00faltimos a\u00f1os, hemos desarrollado iniciativas dirigidas a personas de todas las edades, incluyendo:<\/p>\n<ul>\n<li><strong>Prevenci\u00f3n de adicciones<\/strong> con campa\u00f1as de sensibilizaci\u00f3n y programas de apoyo a familias y comunidades educativas.<\/li>\n<li><strong>Intervenci\u00f3n reeducativa<\/strong> con menores en conflicto social para fomentar su integraci\u00f3n.<\/li>\n<li><strong>Formaci\u00f3n en habilidades sociales<\/strong> y programas de empoderamiento de la mujer frente a la violencia de g\u00e9nero en entornos penitenciarios.<\/li>\n<li><strong>Talleres de prevenci\u00f3n de VIH e ITS<\/strong> y formaci\u00f3n de agentes de salud.<\/li>\n<li>Actividades en colaboraci\u00f3n con instituciones para mejorar la seguridad vial y sensibilizar sobre el impacto del maltrato animal.<\/li>\n<\/ul>\n<p>Estos esfuerzos no ser\u00edan posibles sin el compromiso de nuestro equipo t\u00e9cnico y voluntarios, quienes contribuyen con su tiempo y dedicaci\u00f3n a construir una sociedad m\u00e1s justa y solidaria.<\/p>\n<p>\u00a1Gracias por acompa\u00f1arnos en este camino! Si quieres conocer m\u00e1s sobre nuestros progamas, haz clin en el enlace<a href=\"http:\/\/centroibon.es\/wp-content\/uploads\/2018\/03\/PLANIFICACI\u00d3N-DE-PROGRAMAS-2018.pdf1_.pdf\"> (VER PDF)<\/a><\/p>\n","protected":false},"excerpt":{"rendered":"<p>PLANIFICACI\u00d3N DE LOS PROGRAMAS DURANTE 2015, 2016, 2017, 2018. En Centro Ibon, seguimos trabajando en nuestros programas de atenci\u00f3n y prevenci\u00f3n social. En los \u00faltimos a\u00f1os, hemos desarrollado iniciativas dirigidas a personas<a class=\"moretag\" href=\"https:\/\/centroibon.es\/index.php\/2018\/03\/08\/planificacion-de-los-programas-durante-2015201620172018\/\">Leer m\u00e1s&#8230;<\/a><\/p>\n","protected":false},"author":1,"featured_media":0,"comment_status":"closed","ping_status":"open","sticky":false,"template":"","format":"standard","meta":{"_monsterinsights_skip_tracking":false,"_monsterinsights_sitenote_active":false,"_monsterinsights_sitenote_note":"","_monsterinsights_sitenote_category":0,"footnotes":""},"categories":[3],"tags":[],"class_list":["post-865","post","type-post","status-publish","format-standard","hentry","category-actividades"],"aioseo_notices":[],"_links":{"self":[{"href":"https:\/\/centroibon.es\/index.php\/wp-json\/wp\/v2\/posts\/865","targetHints":{"allow":["GET"]}}],"collection":[{"href":"https:\/\/centroibon.es\/index.php\/wp-json\/wp\/v2\/posts"}],"about":[{"href":"https:\/\/centroibon.es\/index.php\/wp-json\/wp\/v2\/types\/post"}],"author":[{"embeddable":true,"href":"https:\/\/centroibon.es\/index.php\/wp-json\/wp\/v2\/users\/1"}],"replies":[{"embeddable":true,"href":"https:\/\/centroibon.es\/index.php\/wp-json\/wp\/v2\/comments?post=865"}],"version-history":[{"count":4,"href":"https:\/\/centroibon.es\/index.php\/wp-json\/wp\/v2\/posts\/865\/revisions"}],"predecessor-version":[{"id":2200,"href":"https:\/\/centroibon.es\/index.php\/wp-json\/wp\/v2\/posts\/865\/revisions\/2200"}],"wp:attachment":[{"href":"https:\/\/centroibon.es\/index.php\/wp-json\/wp\/v2\/media?parent=865"}],"wp:term":[{"taxonomy":"category","embeddable":true,"href":"https:\/\/centroibon.es\/index.php\/wp-json\/wp\/v2\/categories?post=865"},{"taxonomy":"post_tag","embeddable":true,"href":"https:\/\/centroibon.es\/index.php\/wp-json\/wp\/v2\/tags?post=865"}],"curies":[{"name":"wp","href":"https:\/\/api.w.org\/{rel}","templated":true}]}}